{"id":1812,"date":"2026-04-30T08:00:00","date_gmt":"2026-04-30T08:00:00","guid":{"rendered":"https:\/\/eloficio.cl\/?p=1812"},"modified":"2026-04-30T02:17:52","modified_gmt":"2026-04-30T02:17:52","slug":"hasta-donde-repercute-el-dano-en-la-responsabilidad-de-los-directores-de-sociedades-anonimas","status":"publish","type":"post","link":"https:\/\/eloficio.cl\/index.php\/2026\/04\/30\/hasta-donde-repercute-el-dano-en-la-responsabilidad-de-los-directores-de-sociedades-anonimas\/","title":{"rendered":"\u00bfHasta d\u00f3nde repercute el da\u00f1o causado por directores de sociedades an\u00f3nimas?"},"content":{"rendered":"\n<div class=\"wp-block-cover is-light\"><span aria-hidden=\"true\" class=\"wp-block-cover__background has-background-dim\" style=\"background-color:#b99466\"><\/span><img fetchpriority=\"high\" decoding=\"async\" width=\"1080\" height=\"475\" src=\"https:\/\/eloficio.cl\/wp-content\/uploads\/2026\/04\/Screenshot_20260429_193442_Chrome.jpg\" class=\"wp-block-cover__image-background wp-post-image\" alt=\"\" data-object-fit=\"cover\" srcset=\"https:\/\/eloficio.cl\/wp-content\/uploads\/2026\/04\/Screenshot_20260429_193442_Chrome.jpg 1080w, https:\/\/eloficio.cl\/wp-content\/uploads\/2026\/04\/Screenshot_20260429_193442_Chrome-300x132.jpg 300w, https:\/\/eloficio.cl\/wp-content\/uploads\/2026\/04\/Screenshot_20260429_193442_Chrome-1024x450.jpg 1024w, https:\/\/eloficio.cl\/wp-content\/uploads\/2026\/04\/Screenshot_20260429_193442_Chrome-768x338.jpg 768w\" sizes=\"(max-width: 1080px) 100vw, 1080px\" \/><div class=\"wp-block-cover__inner-container is-layout-constrained wp-block-cover-is-layout-constrained\">\n<p class=\"has-text-align-center has-large-font-size\"><\/p>\n<\/div><\/div>\n\n\n\n<p>Miembros del directorio de una sociedad an\u00f3nima realizan maniobras para ocultar un estado financiero ruinoso. Termina saliendo a la luz dicha realidad, desplom\u00e1ndose el valor de acciones y bonos. Los involucrados sufren sanciones penales y administrativas. Una Administradora de Fondos de Pensiones (AFP) accionista demanda indemnizaci\u00f3n de perjuicios por la p\u00e9rdida del valor de sus inversiones en la compa\u00f1\u00eda. Se trata de lo sucedido en la \u00faltima sentencia pronunciada con respecto al as\u00ed llamado \u201cCaso La Polar\u201d, ya comentada en <a href=\"https:\/\/eloficio.cl\/index.php\/2026\/04\/13\/nota-jurisprudencial-responsabilidad-civil-de-directores-frente-a-accionistas\/\">El Oficio<\/a>.<\/p>\n\n\n\n<p>Ante este panorama, me surgi\u00f3 la pregunta \u00bfhasta d\u00f3nde llega la legitimaci\u00f3n activa para demandar al Directorio por perjuicios consistentes en la disminuci\u00f3n del valor de las acciones? \u00bfPodr\u00edan, por ejemplo, los cotizantes de dicha AFP demandar tambi\u00e9n al Directorio por su responsabilidad? Si el afectado fuera un grupo empresarial, \u00bfpodr\u00edan las sociedades vinculadas \u2013los accionistas de los accionistas\u2013 demandar por el perjuicio que les repercute?<\/p>\n\n\n\n<div class=\"bs-widget-title one\"><h4 class=\"wp-block-heading\"><span><i class=\"fas fa-arrow-right\"><\/i><\/span>Acci\u00f3n individual y acci\u00f3n social <\/h4><div class=\"border-line\"><\/div><\/div>\n\n\n\n<p>La doctrina distingue entre acci\u00f3n individual de responsabilidad civil (art. 133 Ley de Sociedades An\u00f3nimas \u2014LSA\u2014) y acci\u00f3n derivativa o social (art. 133 bis LSA). La primera pueden intentarla socios y terceros \u201cque hayan sido lesionados directamente en su patrimonio por un acto doloso o culposo que infrinja el ordenamiento al que deben sujetarse los administradores, y que no sea un mero reflejo del da\u00f1o causado por ellos en el patrimonio de la sociedad\u201d (Alcalde y Guerrero, 2024, p. 764 y 781). En tanto, la acci\u00f3n derivativa tiene como presupuesto legal muy claro \u201cToda p\u00e9rdida irrogada al patrimonio de la sociedad como consecuencia de una infracci\u00f3n\u2026\u201d (art. 133 bis LSA), cuya indemnizaci\u00f3n pueden solicitar un accionista o grupo de ellos que representen al menos un 5% de las acciones, en nombre y beneficio de la sociedad.<\/p>\n\n\n\n<p>Es a lo menos dudoso que la disminuci\u00f3n del valor de una acci\u00f3n \u2014por muy ruinoso que sea\u2014 constituya un perjuicio que individualmente los accionistas puedan demandar como da\u00f1o propio. Hay problemas de causalidad, pues siendo el valor de la acci\u00f3n esencialmente variable atendida una multiplicidad de factores, es complejo imputar un resultado desfavorable \u00fanicamente a la actuaci\u00f3n del directorio (sobre este punto, v\u00e9ase <a href=\"https:\/\/eloficio.cl\/index.php\/2026\/04\/20\/dano-cesante-y-lucro-emergente-en-el-computo-de-la-indemnizacion\/\">la reciente entrada de Manuel Grasso en El Oficio<\/a>, que tambi\u00e9n se inspira en la reciente sentencia en el caso \u201cLa Polar\u201d). Despejado ese problema, si alg\u00fan perjuicio existiera, parece que ello constituye una \u201cp\u00e9rdida irrogada al patrimonio de la sociedad\u201d, como se\u00f1ala el art. 133 bis LSA, con lo cual, la eventual acci\u00f3n tendr\u00e1 que dirigirse como derivativa, con sus exigencias y l\u00edmites. As\u00ed, ha se\u00f1alado Barros (2020, II, p. 954) que \u201ctales da\u00f1os no alcanzan al socio sino como parte de la sociedad y en proporci\u00f3n a su participaci\u00f3n\u201d.<\/p>\n\n\n\n<p>Por lo dem\u00e1s, toda acci\u00f3n de responsabilidad civil debe tener como uno de sus presupuestos un da\u00f1o que sea cierto y no meramente hipot\u00e9tico. Mirado desde el prisma del patrimonio del accionista, \u00e9ste tendr\u00e1 una participaci\u00f3n que se traducir\u00e1 en dividendos \u00fanicamente en el evento de que existan utilidades l\u00edquidas en el ejercicio (art. 78 LSA). De ah\u00ed que sea complejo hablar de que, por no repartirse utilidades, hay lucro cesante (no obstante, v\u00e9ase la sentencia de la Corte Suprema de fecha 16 de abril de 2018, rol N\u00b0 10372-2017, en que incluso se conden\u00f3 al gerente de la sociedad a pagar una indemnizaci\u00f3n a un accionista por da\u00f1o moral). Ese lucro es meramente hipot\u00e9tico y eventual.<\/p>\n\n\n\n<p>La acci\u00f3n individual, entonces, tendr\u00e1 como presupuesto casos en que el accionista sufre perjuicios personales distintos de los da\u00f1os a la sociedad, como el del accionista que es privado de su derecho a voto en junta o que no le fueron repartidas las utilidades a que ten\u00eda derecho (Barros, 2020, II, p. 955), agregar\u00edamos, siempre que esas utilidades fueran ciertas. Se han incluido tambi\u00e9n como ejemplos, la prohibici\u00f3n de acceso a la Junta, desconocimiento del derecho de suscripci\u00f3n preferente, atribuci\u00f3n de las acciones a persona distinta del verdadero titular, no entregar certificados o documentaci\u00f3n correspondiente a su condici\u00f3n de socio, no respetar la paridad en el canje de acciones de los supuestos reconocidos en el ordenamiento, etc. (Alcalde y Guerrero, 2024, p. 770). De otro modo, el perjuicio ser\u00e1 social.<\/p>\n\n\n\n<div class=\"bs-widget-title one\"><h4 class=\"wp-block-heading\"><span><i class=\"fas fa-arrow-right\"><\/i><\/span>Da\u00f1o por repercusi\u00f3n <\/h4><div class=\"border-line\"><\/div><\/div>\n\n\n\n<p>Despejado ese punto y concentr\u00e1ndonos en los casos en que el accionista sufre un perjuicio propio derivado de la actuaci\u00f3n del Directorio, cabe considerar hasta donde repercute ese da\u00f1o: en el ejemplo inicial, \u00bfafecta a los accionistas del accionista perjudicado, a los cotizantes de la AFP, a los aportantes de un fondo de inversi\u00f3n?<\/p>\n\n\n\n<p>El da\u00f1o por repercusi\u00f3n o rebote ha sido definido en nuestro medio como \u201cel que nace a consecuencia del perjuicio provocado a una v\u00edctima inicial de un hecho il\u00edcito, y que afecta a personas diversas del sujeto inmediatamente perjudicado\u201d (Elorriaga, 1999, p. 369). Una definici\u00f3n amplia y no solo circunscrita a casos de muerte o lesiones, puede adecuarse al problema que estamos tratando. En este sentido, se ha dicho que el da\u00f1o emergente sufrido por el tercero no plantea otras preguntas que las de causalidad (Barros, 2020, I, p. 366), es decir, hay que preguntarse si los gastos o p\u00e9rdidas de los terceros pueden ser objetivamente atribuidos a los da\u00f1os sufridos por el accionista. Debe tenerse en cuenta el contexto de inversiones siempre expuestas a riesgos en el mercado de la m\u00e1s variada \u00edndole, que pudieran desplazar la causalidad de esos menoscabos hacia razones que no tengan que ver exclusivamente con la actuaci\u00f3n del Directorio. Por otra parte, es muy relevante el lucro cesante reflejo, que como se ha dicho (Barros, 2020, I, p. 366), presenta a\u00fan mayores incertidumbres, relativas a la evoluci\u00f3n de los ingresos futuros de la v\u00edctima directa.<\/p>\n\n\n\n<p>Dos aspectos que pudieran aproximarse a una soluci\u00f3n: (i) si seg\u00fan el curso normal de los acontecimientos, el accionista del accionista o los cotizantes de la AFP o los aportantes del fondo hubieran percibido determinados ingresos que a consecuencia del hecho del Directorio ahora ya no podr\u00e1n percibir, se trata de un da\u00f1o con probabilidad suficiente para ser indemnizado; (ii) el perjuicio indemnizable debe ser atribuido directamente a las infracciones del Directorio, deneg\u00e1ndose los perjuicios producidos \u201ccon ocasi\u00f3n de \u00e9l\u201d, de manera que la cuesti\u00f3n debe haber entrado en el c\u00e1lculo de riesgos de los administradores (si bien para el da\u00f1o moral derivado de contrato, Dom\u00ednguez, 2019, p. 37) o como ha se\u00f1alado Alfaro (2018, si bien a prop\u00f3sito de la distinci\u00f3n de acci\u00f3n individual o social), debe analizarse el \u201cfin de protecci\u00f3n de la norma que impone el deber al administrador\u201d a la hora de determinar si deben o no indemnizarse esos perjuicios que pueden no haber entrado siquiera en la previsi\u00f3n de los administradores. En ese caso, mal podr\u00edamos responsabilizarlos.<ins><\/ins><\/p>\n\n\n\n<p>En definitiva, debe poder acreditarse (i) que el da\u00f1o sufrido por el accionista y que repercuti\u00f3 en terceros sea propio y no simplemente derivado del da\u00f1o social. Y (ii) que el da\u00f1o sufrido por terceros sea directamente atribuible a la conducta de los directores seg\u00fan la debida previsi\u00f3n que deben observar en el cumplimiento de sus funciones. De otro modo se corre el riesgo de que se indemnice varias veces un mismo da\u00f1o, lo que es contrario al principio que ordena su reparaci\u00f3n integral: todo el da\u00f1o, pero nada m\u00e1s que el da\u00f1o.<\/p>\n\n\n\n<div class=\"bs-widget-title one\"><h4 class=\"wp-block-heading\"><span><i class=\"fas fa-arrow-right\"><\/i><\/span>Bibliograf\u00eda  <\/h4><div class=\"border-line\"><\/div><\/div>\n\n\n\n<ul class=\"wp-block-list\">\n<li>Alcalde, E., y Guerrero, R. (2024). <em>La sociedad an\u00f3nima y la responsabilidad de sus administradores: Tratado te\u00f3rico y pr\u00e1ctico<\/em>. Ediciones UC.<\/li>\n\n\n\n<li>Alfaro, J. (2018). <em>La responsabilidad de los administradores frente a la sociedad: Proleg\u00f3menos<\/em>. <a href=\"https:\/\/almacendederecho.org\/la-responsabilidad-los-administradores-frente-la-sociedad-prolegomenos\">Almac\u00e9n de Derecho<\/a>.<\/li>\n\n\n\n<li>Barros, E. (2020). <em>Tratado de responsabilidad extracontractual<\/em> (T. 1 y 2, 2.\u00aa ed.). Editorial Jur\u00eddica de Chile.<\/li>\n\n\n\n<li>Dom\u00ednguez, C. (2019). <em>Los principios que informan la responsabilidad en el C\u00f3digo Civil: Versi\u00f3n original y mirada del presente<\/em>. En <em>El principio de reparaci\u00f3n integral en sus contornos actuales<\/em>. Thomson Reuters.<\/li>\n\n\n\n<li>Elorriaga, F. (1999). <em>Del da\u00f1o por repercusi\u00f3n o rebote<\/em>. <a href=\"https:\/\/ojs.uc.cl\/index.php\/Rchd\/article\/view\/77186\/58262\">Revista Chilena de Derecho,<\/a><em> <\/em>26(2).<\/li>\n\n\n\n<li>Grasso, M. (2026). <em>Da\u00f1o cesante y lucro emergente en el c\u00f3mputo de la indemnizaci\u00f3n<\/em>. <a href=\"https:\/\/eloficio.cl\/index.php\/2026\/04\/20\/dano-cesante-y-lucro-emergente-en-el-computo-de-la-indemnizacion\/\">El Oficio<\/a>.<\/li>\n\n\n\n<li>Manterola, P. (2026). <em>Nota jurisprudencial: Responsabilidad civil de directores frente a accionistas<\/em>.<a href=\"https:\/\/eloficio.cl\/index.php\/2026\/04\/13\/nota-jurisprudencial-responsabilidad-civil-de-directores-frente-a-accionistas\/\"> El Oficio<\/a>.<\/li>\n<\/ul>\n\n\n<div class=\"taxonomy-post_tag wp-block-post-terms\"><span class=\"wp-block-post-terms__prefix\">Etiquetas: <\/span><a href=\"https:\/\/eloficio.cl\/index.php\/tag\/administracion-social\/\" rel=\"tag\">administraci\u00f3n social<\/a><span class=\"wp-block-post-terms__separator\">, <\/span><a href=\"https:\/\/eloficio.cl\/index.php\/tag\/dano\/\" rel=\"tag\">da\u00f1o<\/a><span class=\"wp-block-post-terms__separator\">, <\/span><a href=\"https:\/\/eloficio.cl\/index.php\/tag\/directorio\/\" rel=\"tag\">directorio<\/a><span class=\"wp-block-post-terms__separator\">, <\/span><a href=\"https:\/\/eloficio.cl\/index.php\/tag\/responsabilidad-extracontractual\/\" rel=\"tag\">responsabilidad extracontractual<\/a><span class=\"wp-block-post-terms__separator\">, <\/span><a href=\"https:\/\/eloficio.cl\/index.php\/tag\/sociedad-de-capital\/\" rel=\"tag\">sociedad de capital<\/a><\/div>\n\n\n<p class=\"has-text-align-right\" style=\"font-size:15px\">Cr\u00e9dito imagen: <em><a href=\"https:\/\/www.metmuseum.org\/art\/collection\/search\/73167\">\u00abMeeting between Emperor Wen and Fisherman L\u00fc Shang\u00bb<\/a><\/em>, Kano Takanobu<\/p>\n\n\n\n<p><\/p>\n","protected":false},"excerpt":{"rendered":"<p>Miembros del directorio de una sociedad an\u00f3nima realizan maniobras para ocultar un estado financiero ruinoso&#8230;.<\/p>\n","protected":false},"author":5,"featured_media":1813,"comment_status":"closed","ping_status":"open","sticky":false,"template":"","format":"standard","meta":{"footnotes":""},"categories":[111,105,109,3],"tags":[29,64,32,59,28],"class_list":["post-1812","post","type-post","status-publish","format-standard","has-post-thumbnail","hentry","category-articulo-de-fondo","category-corporativo","category-responsabilidad","category-ultimas","tag-administracion-social","tag-dano","tag-directorio","tag-responsabilidad-extracontractual","tag-sociedad-de-capital"],"yoast_head":"<!-- This site is optimized with the Yoast SEO plugin v27.4 - https:\/\/yoast.com\/product\/yoast-seo-wordpress\/ -->\n<title>\u00bfHasta d\u00f3nde repercute el da\u00f1o causado por directores de sociedades an\u00f3nimas? - El Oficio<\/title>\n<meta name=\"robots\" content=\"index, follow, max-snippet:-1, max-image-preview:large, max-video-preview:-1\" \/>\n<link rel=\"canonical\" href=\"https:\/\/eloficio.cl\/index.php\/2026\/04\/30\/hasta-donde-repercute-el-dano-en-la-responsabilidad-de-los-directores-de-sociedades-anonimas\/\" \/>\n<meta property=\"og:locale\" content=\"es_ES\" \/>\n<meta property=\"og:type\" content=\"article\" \/>\n<meta property=\"og:title\" content=\"\u00bfHasta d\u00f3nde repercute el da\u00f1o causado por directores de sociedades an\u00f3nimas? - El Oficio\" \/>\n<meta property=\"og:description\" content=\"Miembros del directorio de una sociedad an\u00f3nima realizan maniobras para ocultar un estado financiero ruinoso....\" \/>\n<meta property=\"og:url\" content=\"https:\/\/eloficio.cl\/index.php\/2026\/04\/30\/hasta-donde-repercute-el-dano-en-la-responsabilidad-de-los-directores-de-sociedades-anonimas\/\" \/>\n<meta property=\"og:site_name\" content=\"El Oficio\" \/>\n<meta property=\"article:published_time\" content=\"2026-04-30T08:00:00+00:00\" \/>\n<meta property=\"og:image\" content=\"https:\/\/eloficio.cl\/wp-content\/uploads\/2026\/04\/Screenshot_20260429_193442_Chrome.jpg\" \/>\n\t<meta property=\"og:image:width\" content=\"1080\" \/>\n\t<meta property=\"og:image:height\" content=\"475\" \/>\n\t<meta property=\"og:image:type\" content=\"image\/jpeg\" \/>\n<meta name=\"author\" content=\"Francisco Rubio\" \/>\n<meta name=\"twitter:card\" content=\"summary_large_image\" \/>\n<meta name=\"twitter:label1\" content=\"Escrito por\" \/>\n\t<meta name=\"twitter:data1\" content=\"Francisco Rubio\" \/>\n\t<meta name=\"twitter:label2\" content=\"Tiempo de lectura\" \/>\n\t<meta name=\"twitter:data2\" content=\"7 minutos\" \/>\n<script type=\"application\/ld+json\" class=\"yoast-schema-graph\">{\"@context\":\"https:\\\/\\\/schema.org\",\"@graph\":[{\"@type\":\"Article\",\"@id\":\"https:\\\/\\\/eloficio.cl\\\/index.php\\\/2026\\\/04\\\/30\\\/hasta-donde-repercute-el-dano-en-la-responsabilidad-de-los-directores-de-sociedades-anonimas\\\/#article\",\"isPartOf\":{\"@id\":\"https:\\\/\\\/eloficio.cl\\\/index.php\\\/2026\\\/04\\\/30\\\/hasta-donde-repercute-el-dano-en-la-responsabilidad-de-los-directores-de-sociedades-anonimas\\\/\"},\"author\":{\"name\":\"Francisco Rubio\",\"@id\":\"https:\\\/\\\/eloficio.cl\\\/#\\\/schema\\\/person\\\/cff7dc7a1dab5135400f719d3b33d037\"},\"headline\":\"\u00bfHasta d\u00f3nde repercute el da\u00f1o causado por directores de sociedades an\u00f3nimas?\",\"datePublished\":\"2026-04-30T08:00:00+00:00\",\"mainEntityOfPage\":{\"@id\":\"https:\\\/\\\/eloficio.cl\\\/index.php\\\/2026\\\/04\\\/30\\\/hasta-donde-repercute-el-dano-en-la-responsabilidad-de-los-directores-de-sociedades-anonimas\\\/\"},\"wordCount\":1443,\"publisher\":{\"@id\":\"https:\\\/\\\/eloficio.cl\\\/#organization\"},\"image\":{\"@id\":\"https:\\\/\\\/eloficio.cl\\\/index.php\\\/2026\\\/04\\\/30\\\/hasta-donde-repercute-el-dano-en-la-responsabilidad-de-los-directores-de-sociedades-anonimas\\\/#primaryimage\"},\"thumbnailUrl\":\"https:\\\/\\\/eloficio.cl\\\/wp-content\\\/uploads\\\/2026\\\/04\\\/Screenshot_20260429_193442_Chrome.jpg\",\"keywords\":[\"administraci\u00f3n social\",\"da\u00f1o\",\"directorio\",\"responsabilidad extracontractual\",\"sociedad de capital\"],\"articleSection\":[\"Art\u00edculo de fondo\",\"Corporativo\",\"Responsabilidad\",\"Ultimas entradas\"],\"inLanguage\":\"es\"},{\"@type\":\"WebPage\",\"@id\":\"https:\\\/\\\/eloficio.cl\\\/index.php\\\/2026\\\/04\\\/30\\\/hasta-donde-repercute-el-dano-en-la-responsabilidad-de-los-directores-de-sociedades-anonimas\\\/\",\"url\":\"https:\\\/\\\/eloficio.cl\\\/index.php\\\/2026\\\/04\\\/30\\\/hasta-donde-repercute-el-dano-en-la-responsabilidad-de-los-directores-de-sociedades-anonimas\\\/\",\"name\":\"\u00bfHasta d\u00f3nde repercute el da\u00f1o causado por directores de sociedades an\u00f3nimas? - El Oficio\",\"isPartOf\":{\"@id\":\"https:\\\/\\\/eloficio.cl\\\/#website\"},\"primaryImageOfPage\":{\"@id\":\"https:\\\/\\\/eloficio.cl\\\/index.php\\\/2026\\\/04\\\/30\\\/hasta-donde-repercute-el-dano-en-la-responsabilidad-de-los-directores-de-sociedades-anonimas\\\/#primaryimage\"},\"image\":{\"@id\":\"https:\\\/\\\/eloficio.cl\\\/index.php\\\/2026\\\/04\\\/30\\\/hasta-donde-repercute-el-dano-en-la-responsabilidad-de-los-directores-de-sociedades-anonimas\\\/#primaryimage\"},\"thumbnailUrl\":\"https:\\\/\\\/eloficio.cl\\\/wp-content\\\/uploads\\\/2026\\\/04\\\/Screenshot_20260429_193442_Chrome.jpg\",\"datePublished\":\"2026-04-30T08:00:00+00:00\",\"breadcrumb\":{\"@id\":\"https:\\\/\\\/eloficio.cl\\\/index.php\\\/2026\\\/04\\\/30\\\/hasta-donde-repercute-el-dano-en-la-responsabilidad-de-los-directores-de-sociedades-anonimas\\\/#breadcrumb\"},\"inLanguage\":\"es\",\"potentialAction\":[{\"@type\":\"ReadAction\",\"target\":[\"https:\\\/\\\/eloficio.cl\\\/index.php\\\/2026\\\/04\\\/30\\\/hasta-donde-repercute-el-dano-en-la-responsabilidad-de-los-directores-de-sociedades-anonimas\\\/\"]}]},{\"@type\":\"ImageObject\",\"inLanguage\":\"es\",\"@id\":\"https:\\\/\\\/eloficio.cl\\\/index.php\\\/2026\\\/04\\\/30\\\/hasta-donde-repercute-el-dano-en-la-responsabilidad-de-los-directores-de-sociedades-anonimas\\\/#primaryimage\",\"url\":\"https:\\\/\\\/eloficio.cl\\\/wp-content\\\/uploads\\\/2026\\\/04\\\/Screenshot_20260429_193442_Chrome.jpg\",\"contentUrl\":\"https:\\\/\\\/eloficio.cl\\\/wp-content\\\/uploads\\\/2026\\\/04\\\/Screenshot_20260429_193442_Chrome.jpg\",\"width\":1080,\"height\":475},{\"@type\":\"BreadcrumbList\",\"@id\":\"https:\\\/\\\/eloficio.cl\\\/index.php\\\/2026\\\/04\\\/30\\\/hasta-donde-repercute-el-dano-en-la-responsabilidad-de-los-directores-de-sociedades-anonimas\\\/#breadcrumb\",\"itemListElement\":[{\"@type\":\"ListItem\",\"position\":1,\"name\":\"Portada\",\"item\":\"https:\\\/\\\/eloficio.cl\\\/\"},{\"@type\":\"ListItem\",\"position\":2,\"name\":\"\u00bfHasta d\u00f3nde repercute el da\u00f1o causado por directores de sociedades an\u00f3nimas?\"}]},{\"@type\":\"WebSite\",\"@id\":\"https:\\\/\\\/eloficio.cl\\\/#website\",\"url\":\"https:\\\/\\\/eloficio.cl\\\/\",\"name\":\"El Oficio\",\"description\":\"\",\"publisher\":{\"@id\":\"https:\\\/\\\/eloficio.cl\\\/#organization\"},\"potentialAction\":[{\"@type\":\"SearchAction\",\"target\":{\"@type\":\"EntryPoint\",\"urlTemplate\":\"https:\\\/\\\/eloficio.cl\\\/?s={search_term_string}\"},\"query-input\":{\"@type\":\"PropertyValueSpecification\",\"valueRequired\":true,\"valueName\":\"search_term_string\"}}],\"inLanguage\":\"es\"},{\"@type\":\"Organization\",\"@id\":\"https:\\\/\\\/eloficio.cl\\\/#organization\",\"name\":\"El Oficio\",\"url\":\"https:\\\/\\\/eloficio.cl\\\/\",\"logo\":{\"@type\":\"ImageObject\",\"inLanguage\":\"es\",\"@id\":\"https:\\\/\\\/eloficio.cl\\\/#\\\/schema\\\/logo\\\/image\\\/\",\"url\":\"https:\\\/\\\/eloficio.cl\\\/wp-content\\\/uploads\\\/2025\\\/07\\\/Logotipo_El_Oficio_Baja.png\",\"contentUrl\":\"https:\\\/\\\/eloficio.cl\\\/wp-content\\\/uploads\\\/2025\\\/07\\\/Logotipo_El_Oficio_Baja.png\",\"width\":546,\"height\":145,\"caption\":\"El Oficio\"},\"image\":{\"@id\":\"https:\\\/\\\/eloficio.cl\\\/#\\\/schema\\\/logo\\\/image\\\/\"},\"sameAs\":[\"https:\\\/\\\/www.linkedin.com\\\/company\\\/el-oficio-cl\\\/\"]},{\"@type\":\"Person\",\"@id\":\"https:\\\/\\\/eloficio.cl\\\/#\\\/schema\\\/person\\\/cff7dc7a1dab5135400f719d3b33d037\",\"name\":\"Francisco Rubio\",\"image\":{\"@type\":\"ImageObject\",\"inLanguage\":\"es\",\"@id\":\"https:\\\/\\\/eloficio.cl\\\/wp-content\\\/uploads\\\/2025\\\/08\\\/EL_OFICIO_SESION-FOTOGRAFICA_14-150x150.jpg\",\"url\":\"https:\\\/\\\/eloficio.cl\\\/wp-content\\\/uploads\\\/2025\\\/08\\\/EL_OFICIO_SESION-FOTOGRAFICA_14-150x150.jpg\",\"contentUrl\":\"https:\\\/\\\/eloficio.cl\\\/wp-content\\\/uploads\\\/2025\\\/08\\\/EL_OFICIO_SESION-FOTOGRAFICA_14-150x150.jpg\",\"caption\":\"Francisco Rubio\"},\"sameAs\":[\"https:\\\/\\\/scholar.google.com\\\/citations?user=E2yUoDcAAAAJ&amp;hl=es\"],\"url\":\"https:\\\/\\\/eloficio.cl\\\/index.php\\\/author\\\/francisco-rubio\\\/\"}]}<\/script>\n<!-- \/ Yoast SEO plugin. -->","yoast_head_json":{"title":"\u00bfHasta d\u00f3nde repercute el da\u00f1o causado por directores de sociedades an\u00f3nimas? - El Oficio","robots":{"index":"index","follow":"follow","max-snippet":"max-snippet:-1","max-image-preview":"max-image-preview:large","max-video-preview":"max-video-preview:-1"},"canonical":"https:\/\/eloficio.cl\/index.php\/2026\/04\/30\/hasta-donde-repercute-el-dano-en-la-responsabilidad-de-los-directores-de-sociedades-anonimas\/","og_locale":"es_ES","og_type":"article","og_title":"\u00bfHasta d\u00f3nde repercute el da\u00f1o causado por directores de sociedades an\u00f3nimas? - El Oficio","og_description":"Miembros del directorio de una sociedad an\u00f3nima realizan maniobras para ocultar un estado financiero ruinoso....","og_url":"https:\/\/eloficio.cl\/index.php\/2026\/04\/30\/hasta-donde-repercute-el-dano-en-la-responsabilidad-de-los-directores-de-sociedades-anonimas\/","og_site_name":"El Oficio","article_published_time":"2026-04-30T08:00:00+00:00","og_image":[{"width":1080,"height":475,"url":"https:\/\/eloficio.cl\/wp-content\/uploads\/2026\/04\/Screenshot_20260429_193442_Chrome.jpg","type":"image\/jpeg"}],"author":"Francisco Rubio","twitter_card":"summary_large_image","twitter_misc":{"Escrito por":"Francisco Rubio","Tiempo de lectura":"7 minutos"},"schema":{"@context":"https:\/\/schema.org","@graph":[{"@type":"Article","@id":"https:\/\/eloficio.cl\/index.php\/2026\/04\/30\/hasta-donde-repercute-el-dano-en-la-responsabilidad-de-los-directores-de-sociedades-anonimas\/#article","isPartOf":{"@id":"https:\/\/eloficio.cl\/index.php\/2026\/04\/30\/hasta-donde-repercute-el-dano-en-la-responsabilidad-de-los-directores-de-sociedades-anonimas\/"},"author":{"name":"Francisco Rubio","@id":"https:\/\/eloficio.cl\/#\/schema\/person\/cff7dc7a1dab5135400f719d3b33d037"},"headline":"\u00bfHasta d\u00f3nde repercute el da\u00f1o causado por directores de sociedades an\u00f3nimas?","datePublished":"2026-04-30T08:00:00+00:00","mainEntityOfPage":{"@id":"https:\/\/eloficio.cl\/index.php\/2026\/04\/30\/hasta-donde-repercute-el-dano-en-la-responsabilidad-de-los-directores-de-sociedades-anonimas\/"},"wordCount":1443,"publisher":{"@id":"https:\/\/eloficio.cl\/#organization"},"image":{"@id":"https:\/\/eloficio.cl\/index.php\/2026\/04\/30\/hasta-donde-repercute-el-dano-en-la-responsabilidad-de-los-directores-de-sociedades-anonimas\/#primaryimage"},"thumbnailUrl":"https:\/\/eloficio.cl\/wp-content\/uploads\/2026\/04\/Screenshot_20260429_193442_Chrome.jpg","keywords":["administraci\u00f3n social","da\u00f1o","directorio","responsabilidad extracontractual","sociedad de capital"],"articleSection":["Art\u00edculo de fondo","Corporativo","Responsabilidad","Ultimas entradas"],"inLanguage":"es"},{"@type":"WebPage","@id":"https:\/\/eloficio.cl\/index.php\/2026\/04\/30\/hasta-donde-repercute-el-dano-en-la-responsabilidad-de-los-directores-de-sociedades-anonimas\/","url":"https:\/\/eloficio.cl\/index.php\/2026\/04\/30\/hasta-donde-repercute-el-dano-en-la-responsabilidad-de-los-directores-de-sociedades-anonimas\/","name":"\u00bfHasta d\u00f3nde repercute el da\u00f1o causado por directores de sociedades an\u00f3nimas? - El Oficio","isPartOf":{"@id":"https:\/\/eloficio.cl\/#website"},"primaryImageOfPage":{"@id":"https:\/\/eloficio.cl\/index.php\/2026\/04\/30\/hasta-donde-repercute-el-dano-en-la-responsabilidad-de-los-directores-de-sociedades-anonimas\/#primaryimage"},"image":{"@id":"https:\/\/eloficio.cl\/index.php\/2026\/04\/30\/hasta-donde-repercute-el-dano-en-la-responsabilidad-de-los-directores-de-sociedades-anonimas\/#primaryimage"},"thumbnailUrl":"https:\/\/eloficio.cl\/wp-content\/uploads\/2026\/04\/Screenshot_20260429_193442_Chrome.jpg","datePublished":"2026-04-30T08:00:00+00:00","breadcrumb":{"@id":"https:\/\/eloficio.cl\/index.php\/2026\/04\/30\/hasta-donde-repercute-el-dano-en-la-responsabilidad-de-los-directores-de-sociedades-anonimas\/#breadcrumb"},"inLanguage":"es","potentialAction":[{"@type":"ReadAction","target":["https:\/\/eloficio.cl\/index.php\/2026\/04\/30\/hasta-donde-repercute-el-dano-en-la-responsabilidad-de-los-directores-de-sociedades-anonimas\/"]}]},{"@type":"ImageObject","inLanguage":"es","@id":"https:\/\/eloficio.cl\/index.php\/2026\/04\/30\/hasta-donde-repercute-el-dano-en-la-responsabilidad-de-los-directores-de-sociedades-anonimas\/#primaryimage","url":"https:\/\/eloficio.cl\/wp-content\/uploads\/2026\/04\/Screenshot_20260429_193442_Chrome.jpg","contentUrl":"https:\/\/eloficio.cl\/wp-content\/uploads\/2026\/04\/Screenshot_20260429_193442_Chrome.jpg","width":1080,"height":475},{"@type":"BreadcrumbList","@id":"https:\/\/eloficio.cl\/index.php\/2026\/04\/30\/hasta-donde-repercute-el-dano-en-la-responsabilidad-de-los-directores-de-sociedades-anonimas\/#breadcrumb","itemListElement":[{"@type":"ListItem","position":1,"name":"Portada","item":"https:\/\/eloficio.cl\/"},{"@type":"ListItem","position":2,"name":"\u00bfHasta d\u00f3nde repercute el da\u00f1o causado por directores de sociedades an\u00f3nimas?"}]},{"@type":"WebSite","@id":"https:\/\/eloficio.cl\/#website","url":"https:\/\/eloficio.cl\/","name":"El Oficio","description":"","publisher":{"@id":"https:\/\/eloficio.cl\/#organization"},"potentialAction":[{"@type":"SearchAction","target":{"@type":"EntryPoint","urlTemplate":"https:\/\/eloficio.cl\/?s={search_term_string}"},"query-input":{"@type":"PropertyValueSpecification","valueRequired":true,"valueName":"search_term_string"}}],"inLanguage":"es"},{"@type":"Organization","@id":"https:\/\/eloficio.cl\/#organization","name":"El Oficio","url":"https:\/\/eloficio.cl\/","logo":{"@type":"ImageObject","inLanguage":"es","@id":"https:\/\/eloficio.cl\/#\/schema\/logo\/image\/","url":"https:\/\/eloficio.cl\/wp-content\/uploads\/2025\/07\/Logotipo_El_Oficio_Baja.png","contentUrl":"https:\/\/eloficio.cl\/wp-content\/uploads\/2025\/07\/Logotipo_El_Oficio_Baja.png","width":546,"height":145,"caption":"El Oficio"},"image":{"@id":"https:\/\/eloficio.cl\/#\/schema\/logo\/image\/"},"sameAs":["https:\/\/www.linkedin.com\/company\/el-oficio-cl\/"]},{"@type":"Person","@id":"https:\/\/eloficio.cl\/#\/schema\/person\/cff7dc7a1dab5135400f719d3b33d037","name":"Francisco Rubio","image":{"@type":"ImageObject","inLanguage":"es","@id":"https:\/\/eloficio.cl\/wp-content\/uploads\/2025\/08\/EL_OFICIO_SESION-FOTOGRAFICA_14-150x150.jpg","url":"https:\/\/eloficio.cl\/wp-content\/uploads\/2025\/08\/EL_OFICIO_SESION-FOTOGRAFICA_14-150x150.jpg","contentUrl":"https:\/\/eloficio.cl\/wp-content\/uploads\/2025\/08\/EL_OFICIO_SESION-FOTOGRAFICA_14-150x150.jpg","caption":"Francisco Rubio"},"sameAs":["https:\/\/scholar.google.com\/citations?user=E2yUoDcAAAAJ&amp;hl=es"],"url":"https:\/\/eloficio.cl\/index.php\/author\/francisco-rubio\/"}]}},"_links":{"self":[{"href":"https:\/\/eloficio.cl\/index.php\/wp-json\/wp\/v2\/posts\/1812","targetHints":{"allow":["GET"]}}],"collection":[{"href":"https:\/\/eloficio.cl\/index.php\/wp-json\/wp\/v2\/posts"}],"about":[{"href":"https:\/\/eloficio.cl\/index.php\/wp-json\/wp\/v2\/types\/post"}],"author":[{"embeddable":true,"href":"https:\/\/eloficio.cl\/index.php\/wp-json\/wp\/v2\/users\/5"}],"replies":[{"embeddable":true,"href":"https:\/\/eloficio.cl\/index.php\/wp-json\/wp\/v2\/comments?post=1812"}],"version-history":[{"count":4,"href":"https:\/\/eloficio.cl\/index.php\/wp-json\/wp\/v2\/posts\/1812\/revisions"}],"predecessor-version":[{"id":1818,"href":"https:\/\/eloficio.cl\/index.php\/wp-json\/wp\/v2\/posts\/1812\/revisions\/1818"}],"wp:featuredmedia":[{"embeddable":true,"href":"https:\/\/eloficio.cl\/index.php\/wp-json\/wp\/v2\/media\/1813"}],"wp:attachment":[{"href":"https:\/\/eloficio.cl\/index.php\/wp-json\/wp\/v2\/media?parent=1812"}],"wp:term":[{"taxonomy":"category","embeddable":true,"href":"https:\/\/eloficio.cl\/index.php\/wp-json\/wp\/v2\/categories?post=1812"},{"taxonomy":"post_tag","embeddable":true,"href":"https:\/\/eloficio.cl\/index.php\/wp-json\/wp\/v2\/tags?post=1812"}],"curies":[{"name":"wp","href":"https:\/\/api.w.org\/{rel}","templated":true}]}}